{"id":4295,"date":"2021-05-25T10:59:36","date_gmt":"2021-05-25T08:59:36","guid":{"rendered":"https:\/\/semica.org\/?p=4295"},"modified":"2023-11-10T11:00:32","modified_gmt":"2023-11-10T10:00:32","slug":"partenariat-dans-les-secteurs-de-lenergie-des-mines-et-des-carrieres-le-semica-aux-cotes-du-memc","status":"publish","type":"post","link":"https:\/\/semica.org\/en\/partenariat-dans-les-secteurs-de-lenergie-des-mines-et-des-carrieres-le-semica-aux-cotes-du-memc\/","title":{"rendered":"Partnership in the energy, mining and quarrying sectors: SEMICA alongside MEMC"},"content":{"rendered":"<p>Ouagadougou, le 24 mai 2021 (DCPM\/MEMC)<\/p>\n\n\n\n<p>Le Ministre de l\u2019Energie, des Mines et des Carri\u00e8res (MEMC), Dr Bachir Isma\u00ebl OUEDRAOGO, a re\u00e7u en audience une d\u00e9l\u00e9gation du Directoire du Salon international de l\u2019\u00e9nergie, des mines et des carri\u00e8res (SEMICA). Conduite par son pr\u00e9sident, M. Philippe OUEDRAOGO, l\u2019\u00e9quipe est venue assurer au MEMC, son enti\u00e8re disponibilit\u00e9 \u00e0 accompagner le Gouvernement dans la mise en \u0153uvre de sa politique en mati\u00e8re d\u2019Energie, des Mines et des Carri\u00e8res.<\/p>\n\n\n\n<p>Les h\u00f4tes du Dr Bachir Isma\u00ebl OUEDRAOGO ont aussi saisi l\u2019opportunit\u00e9 de cette rencontre pour le f\u00e9liciter pour sa reconduction au poste de Ministre de l\u2019Energie \u00e9largi aux Mines et aux Carri\u00e8res.<\/p>\n\n\n\n<p><\/p>\n\n\n\n<figure class=\"wp-block-gallery has-nested-images columns-default is-cropped wp-block-gallery-1 is-layout-flex wp-block-gallery-is-layout-flex\">\n<figure class=\"wp-block-image size-large\"><img fetchpriority=\"high\" decoding=\"async\" width=\"960\" height=\"750\" data-id=\"4301\" src=\"https:\/\/semica.org\/wp-content\/uploads\/2023\/11\/Le-SEMICA-aux-cotes-du-MEMC-6.jpg\" alt=\"\" class=\"wp-image-4301\" srcset=\"https:\/\/semica.org\/wp-content\/uploads\/2023\/11\/Le-SEMICA-aux-cotes-du-MEMC-6.jpg 960w, https:\/\/semica.org\/wp-content\/uploads\/2023\/11\/Le-SEMICA-aux-cotes-du-MEMC-6-300x234.jpg 300w, https:\/\/semica.org\/wp-content\/uploads\/2023\/11\/Le-SEMICA-aux-cotes-du-MEMC-6-768x600.jpg 768w\" sizes=\"(max-width: 960px) 100vw, 960px\" \/><\/figure>\n\n\n\n<figure class=\"wp-block-image size-large\"><img decoding=\"async\" width=\"960\" height=\"640\" data-id=\"4299\" src=\"https:\/\/semica.org\/wp-content\/uploads\/2023\/11\/Le-SEMICA-aux-cotes-du-MEMC-1.jpg\" alt=\"\" class=\"wp-image-4299\" srcset=\"https:\/\/semica.org\/wp-content\/uploads\/2023\/11\/Le-SEMICA-aux-cotes-du-MEMC-1.jpg 960w, https:\/\/semica.org\/wp-content\/uploads\/2023\/11\/Le-SEMICA-aux-cotes-du-MEMC-1-300x200.jpg 300w, https:\/\/semica.org\/wp-content\/uploads\/2023\/11\/Le-SEMICA-aux-cotes-du-MEMC-1-768x512.jpg 768w\" sizes=\"(max-width: 960px) 100vw, 960px\" \/><\/figure>\n\n\n\n<figure class=\"wp-block-image size-large\"><img decoding=\"async\" width=\"960\" height=\"640\" data-id=\"4297\" src=\"https:\/\/semica.org\/wp-content\/uploads\/2023\/11\/Le-SEMICA-aux-cotes-du-MEMC-2.jpg\" alt=\"\" class=\"wp-image-4297\" srcset=\"https:\/\/semica.org\/wp-content\/uploads\/2023\/11\/Le-SEMICA-aux-cotes-du-MEMC-2.jpg 960w, https:\/\/semica.org\/wp-content\/uploads\/2023\/11\/Le-SEMICA-aux-cotes-du-MEMC-2-300x200.jpg 300w, https:\/\/semica.org\/wp-content\/uploads\/2023\/11\/Le-SEMICA-aux-cotes-du-MEMC-2-768x512.jpg 768w\" sizes=\"(max-width: 960px) 100vw, 960px\" \/><\/figure>\n\n\n\n<figure class=\"wp-block-image size-large\"><img loading=\"lazy\" decoding=\"async\" width=\"960\" height=\"640\" data-id=\"4300\" src=\"https:\/\/semica.org\/wp-content\/uploads\/2023\/11\/Le-SEMICA-aux-cotes-du-MEMC-3.jpg\" alt=\"\" class=\"wp-image-4300\" srcset=\"https:\/\/semica.org\/wp-content\/uploads\/2023\/11\/Le-SEMICA-aux-cotes-du-MEMC-3.jpg 960w, https:\/\/semica.org\/wp-content\/uploads\/2023\/11\/Le-SEMICA-aux-cotes-du-MEMC-3-300x200.jpg 300w, https:\/\/semica.org\/wp-content\/uploads\/2023\/11\/Le-SEMICA-aux-cotes-du-MEMC-3-768x512.jpg 768w\" sizes=\"(max-width: 960px) 100vw, 960px\" \/><\/figure>\n\n\n\n<figure class=\"wp-block-image size-large\"><img loading=\"lazy\" decoding=\"async\" width=\"960\" height=\"640\" data-id=\"4298\" src=\"https:\/\/semica.org\/wp-content\/uploads\/2023\/11\/Le-SEMICA-aux-cotes-du-MEMC-4.jpg\" alt=\"\" class=\"wp-image-4298\" srcset=\"https:\/\/semica.org\/wp-content\/uploads\/2023\/11\/Le-SEMICA-aux-cotes-du-MEMC-4.jpg 960w, https:\/\/semica.org\/wp-content\/uploads\/2023\/11\/Le-SEMICA-aux-cotes-du-MEMC-4-300x200.jpg 300w, https:\/\/semica.org\/wp-content\/uploads\/2023\/11\/Le-SEMICA-aux-cotes-du-MEMC-4-768x512.jpg 768w\" sizes=\"(max-width: 960px) 100vw, 960px\" \/><\/figure>\n\n\n\n<figure class=\"wp-block-image size-large\"><img loading=\"lazy\" decoding=\"async\" width=\"960\" height=\"640\" data-id=\"4302\" src=\"https:\/\/semica.org\/wp-content\/uploads\/2023\/11\/Le-SEMICA-aux-cotes-du-MEMC-5.jpg\" alt=\"\" class=\"wp-image-4302\" srcset=\"https:\/\/semica.org\/wp-content\/uploads\/2023\/11\/Le-SEMICA-aux-cotes-du-MEMC-5.jpg 960w, https:\/\/semica.org\/wp-content\/uploads\/2023\/11\/Le-SEMICA-aux-cotes-du-MEMC-5-300x200.jpg 300w, https:\/\/semica.org\/wp-content\/uploads\/2023\/11\/Le-SEMICA-aux-cotes-du-MEMC-5-768x512.jpg 768w\" sizes=\"(max-width: 960px) 100vw, 960px\" \/><\/figure>\n<\/figure>","protected":false},"excerpt":{"rendered":"<p>Ouagadougou, le 24 mai 2021 (DCPM\/MEMC) Le Ministre de l\u2019Energie, des Mines et des Carri\u00e8res (MEMC), Dr Bachir Isma\u00ebl OUEDRAOGO, a re\u00e7u en audience une d\u00e9l\u00e9gation du Directoire du Salon international de l\u2019\u00e9nergie, des mines et des carri\u00e8res (SEMICA). Conduite par son pr\u00e9sident, M. Philippe OUEDRAOGO, l\u2019\u00e9quipe est venue assurer au MEMC, son enti\u00e8re disponibilit\u00e9 [&hellip;]<\/p>","protected":false},"author":2,"featured_media":4296,"comment_status":"closed","ping_status":"closed","sticky":false,"template":"","format":"standard","meta":{"footnotes":""},"categories":[49],"tags":[],"class_list":["post-4295","post","type-post","status-publish","format-standard","has-post-thumbnail","hentry","category-actualite"],"yoast_head":"<!-- This site is optimized with the Yoast SEO plugin v26.6 - https:\/\/yoast.com\/wordpress\/plugins\/seo\/ -->\n<title>Partenariat dans les secteurs de l\u2019\u00e9nergie, des mines et des carri\u00e8res : Le SEMICA aux c\u00f4t\u00e9s du MEMC - Where the World meets African Mining<\/title>\n<meta name=\"description\" content=\"Explorez l&#039;univers des opportunit\u00e9s \u00e9nerg\u00e9tiques, mini\u00e8res et hydrocarbures en Afrique avec SEMICA, le Salon International de l&#039;\u00c9nergie, des Mines et des Hydrocarbures. D\u00e9couvrez une d\u00e9cennie d&#039;excellence, de panels d&#039;experts, de conf\u00e9rences inspirantes, de rencontres BtoB strat\u00e9giques, d&#039;excursions immersives, d&#039;expositions de pointe et de sessions de r\u00e9seautage dynamiques. SEMICA offre une plateforme in\u00e9gal\u00e9e pour fa\u00e7onner l&#039;avenir des secteurs cl\u00e9s en Afrique. Rejoignez-nous au c\u0153ur de l&#039;innovation, de la croissance et des opportunit\u00e9s.\" \/>\n<meta name=\"robots\" content=\"index, follow, max-snippet:-1, max-image-preview:large, max-video-preview:-1\" \/>\n<link rel=\"canonical\" href=\"https:\/\/semica.org\/en\/partenariat-dans-les-secteurs-de-lenergie-des-mines-et-des-carrieres-le-semica-aux-cotes-du-memc\/\" \/>\n<meta property=\"og:locale\" content=\"en_GB\" \/>\n<meta property=\"og:type\" content=\"article\" \/>\n<meta property=\"og:title\" content=\"Partenariat dans les secteurs de l\u2019\u00e9nergie, des mines et des carri\u00e8res : Le SEMICA aux c\u00f4t\u00e9s du MEMC - Where the World meets African Mining\" \/>\n<meta property=\"og:description\" content=\"Explorez l&#039;univers des opportunit\u00e9s \u00e9nerg\u00e9tiques, mini\u00e8res et hydrocarbures en Afrique avec SEMICA, le Salon International de l&#039;\u00c9nergie, des Mines et des Hydrocarbures. D\u00e9couvrez une d\u00e9cennie d&#039;excellence, de panels d&#039;experts, de conf\u00e9rences inspirantes, de rencontres BtoB strat\u00e9giques, d&#039;excursions immersives, d&#039;expositions de pointe et de sessions de r\u00e9seautage dynamiques. SEMICA offre une plateforme in\u00e9gal\u00e9e pour fa\u00e7onner l&#039;avenir des secteurs cl\u00e9s en Afrique. Rejoignez-nous au c\u0153ur de l&#039;innovation, de la croissance et des opportunit\u00e9s.\" \/>\n<meta property=\"og:url\" content=\"https:\/\/semica.org\/en\/partenariat-dans-les-secteurs-de-lenergie-des-mines-et-des-carrieres-le-semica-aux-cotes-du-memc\/\" \/>\n<meta property=\"og:site_name\" content=\"Where the World meets African Mining\" \/>\n<meta property=\"article:published_time\" content=\"2021-05-25T08:59:36+00:00\" \/>\n<meta property=\"article:modified_time\" content=\"2023-11-10T10:00:32+00:00\" \/>\n<meta property=\"og:image\" content=\"https:\/\/semica.org\/wp-content\/uploads\/2023\/11\/Le-SEMICA-aux-cotes-du-MEMC.jpeg\" \/>\n\t<meta property=\"og:image:width\" content=\"1024\" \/>\n\t<meta property=\"og:image:height\" content=\"683\" \/>\n\t<meta property=\"og:image:type\" content=\"image\/jpeg\" \/>\n<meta name=\"author\" content=\"Innocent Belemtougri\" \/>\n<meta name=\"twitter:card\" content=\"summary_large_image\" \/>\n<meta name=\"twitter:label1\" content=\"Written by\" \/>\n\t<meta name=\"twitter:data1\" content=\"Innocent Belemtougri\" \/>\n\t<meta name=\"twitter:label2\" content=\"Estimated reading time\" \/>\n\t<meta name=\"twitter:data2\" content=\"1 minute\" \/>\n<script type=\"application\/ld+json\" class=\"yoast-schema-graph\">{\"@context\":\"https:\/\/schema.org\",\"@graph\":[{\"@type\":\"Article\",\"@id\":\"https:\/\/semica.org\/partenariat-dans-les-secteurs-de-lenergie-des-mines-et-des-carrieres-le-semica-aux-cotes-du-memc\/#article\",\"isPartOf\":{\"@id\":\"https:\/\/semica.org\/partenariat-dans-les-secteurs-de-lenergie-des-mines-et-des-carrieres-le-semica-aux-cotes-du-memc\/\"},\"author\":{\"name\":\"Innocent Belemtougri\",\"@id\":\"https:\/\/semica.org\/#\/schema\/person\/b3390089c97dfe4e795237dfc408157b\"},\"headline\":\"Partenariat dans les secteurs de l\u2019\u00e9nergie, des mines et des carri\u00e8res : Le SEMICA aux c\u00f4t\u00e9s du MEMC\",\"datePublished\":\"2021-05-25T08:59:36+00:00\",\"dateModified\":\"2023-11-10T10:00:32+00:00\",\"mainEntityOfPage\":{\"@id\":\"https:\/\/semica.org\/partenariat-dans-les-secteurs-de-lenergie-des-mines-et-des-carrieres-le-semica-aux-cotes-du-memc\/\"},\"wordCount\":146,\"publisher\":{\"@id\":\"https:\/\/semica.org\/#organization\"},\"image\":{\"@id\":\"https:\/\/semica.org\/partenariat-dans-les-secteurs-de-lenergie-des-mines-et-des-carrieres-le-semica-aux-cotes-du-memc\/#primaryimage\"},\"thumbnailUrl\":\"https:\/\/semica.org\/wp-content\/uploads\/2023\/11\/Le-SEMICA-aux-cotes-du-MEMC.jpeg\",\"articleSection\":[\"Actualit\u00e9\"],\"inLanguage\":\"en-GB\"},{\"@type\":\"WebPage\",\"@id\":\"https:\/\/semica.org\/partenariat-dans-les-secteurs-de-lenergie-des-mines-et-des-carrieres-le-semica-aux-cotes-du-memc\/\",\"url\":\"https:\/\/semica.org\/partenariat-dans-les-secteurs-de-lenergie-des-mines-et-des-carrieres-le-semica-aux-cotes-du-memc\/\",\"name\":\"Partenariat dans les secteurs de l\u2019\u00e9nergie, des mines et des carri\u00e8res : Le SEMICA aux c\u00f4t\u00e9s du MEMC - Where the World meets African Mining\",\"isPartOf\":{\"@id\":\"https:\/\/semica.org\/#website\"},\"primaryImageOfPage\":{\"@id\":\"https:\/\/semica.org\/partenariat-dans-les-secteurs-de-lenergie-des-mines-et-des-carrieres-le-semica-aux-cotes-du-memc\/#primaryimage\"},\"image\":{\"@id\":\"https:\/\/semica.org\/partenariat-dans-les-secteurs-de-lenergie-des-mines-et-des-carrieres-le-semica-aux-cotes-du-memc\/#primaryimage\"},\"thumbnailUrl\":\"https:\/\/semica.org\/wp-content\/uploads\/2023\/11\/Le-SEMICA-aux-cotes-du-MEMC.jpeg\",\"datePublished\":\"2021-05-25T08:59:36+00:00\",\"dateModified\":\"2023-11-10T10:00:32+00:00\",\"description\":\"Explorez l'univers des opportunit\u00e9s \u00e9nerg\u00e9tiques, mini\u00e8res et hydrocarbures en Afrique avec SEMICA, le Salon International de l'\u00c9nergie, des Mines et des Hydrocarbures. D\u00e9couvrez une d\u00e9cennie d'excellence, de panels d'experts, de conf\u00e9rences inspirantes, de rencontres BtoB strat\u00e9giques, d'excursions immersives, d'expositions de pointe et de sessions de r\u00e9seautage dynamiques. SEMICA offre une plateforme in\u00e9gal\u00e9e pour fa\u00e7onner l'avenir des secteurs cl\u00e9s en Afrique. Rejoignez-nous au c\u0153ur de l'innovation, de la croissance et des opportunit\u00e9s.\",\"breadcrumb\":{\"@id\":\"https:\/\/semica.org\/partenariat-dans-les-secteurs-de-lenergie-des-mines-et-des-carrieres-le-semica-aux-cotes-du-memc\/#breadcrumb\"},\"inLanguage\":\"en-GB\",\"potentialAction\":[{\"@type\":\"ReadAction\",\"target\":[\"https:\/\/semica.org\/partenariat-dans-les-secteurs-de-lenergie-des-mines-et-des-carrieres-le-semica-aux-cotes-du-memc\/\"]}]},{\"@type\":\"ImageObject\",\"inLanguage\":\"en-GB\",\"@id\":\"https:\/\/semica.org\/partenariat-dans-les-secteurs-de-lenergie-des-mines-et-des-carrieres-le-semica-aux-cotes-du-memc\/#primaryimage\",\"url\":\"https:\/\/semica.org\/wp-content\/uploads\/2023\/11\/Le-SEMICA-aux-cotes-du-MEMC.jpeg\",\"contentUrl\":\"https:\/\/semica.org\/wp-content\/uploads\/2023\/11\/Le-SEMICA-aux-cotes-du-MEMC.jpeg\",\"width\":1024,\"height\":683},{\"@type\":\"BreadcrumbList\",\"@id\":\"https:\/\/semica.org\/partenariat-dans-les-secteurs-de-lenergie-des-mines-et-des-carrieres-le-semica-aux-cotes-du-memc\/#breadcrumb\",\"itemListElement\":[{\"@type\":\"ListItem\",\"position\":1,\"name\":\"Home\",\"item\":\"https:\/\/semica.org\/\"},{\"@type\":\"ListItem\",\"position\":2,\"name\":\"Partenariat dans les secteurs de l\u2019\u00e9nergie, des mines et des carri\u00e8res : Le SEMICA aux c\u00f4t\u00e9s du MEMC\"}]},{\"@type\":\"WebSite\",\"@id\":\"https:\/\/semica.org\/#website\",\"url\":\"https:\/\/semica.org\/\",\"name\":\"Where the World meets African Mining\",\"description\":\"Where the World meets African Mining \",\"publisher\":{\"@id\":\"https:\/\/semica.org\/#organization\"},\"potentialAction\":[{\"@type\":\"SearchAction\",\"target\":{\"@type\":\"EntryPoint\",\"urlTemplate\":\"https:\/\/semica.org\/?s={search_term_string}\"},\"query-input\":{\"@type\":\"PropertyValueSpecification\",\"valueRequired\":true,\"valueName\":\"search_term_string\"}}],\"inLanguage\":\"en-GB\"},{\"@type\":\"Organization\",\"@id\":\"https:\/\/semica.org\/#organization\",\"name\":\"SEMICA\",\"url\":\"https:\/\/semica.org\/\",\"logo\":{\"@type\":\"ImageObject\",\"inLanguage\":\"en-GB\",\"@id\":\"https:\/\/semica.org\/#\/schema\/logo\/image\/\",\"url\":\"https:\/\/semica.org\/wp-content\/uploads\/2023\/11\/logo-semica_.png\",\"contentUrl\":\"https:\/\/semica.org\/wp-content\/uploads\/2023\/11\/logo-semica_.png\",\"width\":300,\"height\":300,\"caption\":\"SEMICA\"},\"image\":{\"@id\":\"https:\/\/semica.org\/#\/schema\/logo\/image\/\"}},{\"@type\":\"Person\",\"@id\":\"https:\/\/semica.org\/#\/schema\/person\/b3390089c97dfe4e795237dfc408157b\",\"name\":\"Innocent Belemtougri\",\"image\":{\"@type\":\"ImageObject\",\"inLanguage\":\"en-GB\",\"@id\":\"https:\/\/semica.org\/#\/schema\/person\/image\/\",\"url\":\"https:\/\/secure.gravatar.com\/avatar\/fd300045da8a7f68351ff2dbf989e1221e2e28aa07065caddc59e5c4ac0a8e64?s=96&d=mm&r=g\",\"contentUrl\":\"https:\/\/secure.gravatar.com\/avatar\/fd300045da8a7f68351ff2dbf989e1221e2e28aa07065caddc59e5c4ac0a8e64?s=96&d=mm&r=g\",\"caption\":\"Innocent Belemtougri\"},\"url\":\"https:\/\/semica.org\/en\/author\/bitelcom\/\"}]}<\/script>\n<!-- \/ Yoast SEO plugin. -->","yoast_head_json":{"title":"Partenariat dans les secteurs de l\u2019\u00e9nergie, des mines et des carri\u00e8res : Le SEMICA aux c\u00f4t\u00e9s du MEMC - Where the World meets African Mining","description":"Explorez l'univers des opportunit\u00e9s \u00e9nerg\u00e9tiques, mini\u00e8res et hydrocarbures en Afrique avec SEMICA, le Salon International de l'\u00c9nergie, des Mines et des Hydrocarbures. D\u00e9couvrez une d\u00e9cennie d'excellence, de panels d'experts, de conf\u00e9rences inspirantes, de rencontres BtoB strat\u00e9giques, d'excursions immersives, d'expositions de pointe et de sessions de r\u00e9seautage dynamiques. SEMICA offre une plateforme in\u00e9gal\u00e9e pour fa\u00e7onner l'avenir des secteurs cl\u00e9s en Afrique. Rejoignez-nous au c\u0153ur de l'innovation, de la croissance et des opportunit\u00e9s.","robots":{"index":"index","follow":"follow","max-snippet":"max-snippet:-1","max-image-preview":"max-image-preview:large","max-video-preview":"max-video-preview:-1"},"canonical":"https:\/\/semica.org\/en\/partenariat-dans-les-secteurs-de-lenergie-des-mines-et-des-carrieres-le-semica-aux-cotes-du-memc\/","og_locale":"en_GB","og_type":"article","og_title":"Partenariat dans les secteurs de l\u2019\u00e9nergie, des mines et des carri\u00e8res : Le SEMICA aux c\u00f4t\u00e9s du MEMC - Where the World meets African Mining","og_description":"Explorez l'univers des opportunit\u00e9s \u00e9nerg\u00e9tiques, mini\u00e8res et hydrocarbures en Afrique avec SEMICA, le Salon International de l'\u00c9nergie, des Mines et des Hydrocarbures. D\u00e9couvrez une d\u00e9cennie d'excellence, de panels d'experts, de conf\u00e9rences inspirantes, de rencontres BtoB strat\u00e9giques, d'excursions immersives, d'expositions de pointe et de sessions de r\u00e9seautage dynamiques. SEMICA offre une plateforme in\u00e9gal\u00e9e pour fa\u00e7onner l'avenir des secteurs cl\u00e9s en Afrique. Rejoignez-nous au c\u0153ur de l'innovation, de la croissance et des opportunit\u00e9s.","og_url":"https:\/\/semica.org\/en\/partenariat-dans-les-secteurs-de-lenergie-des-mines-et-des-carrieres-le-semica-aux-cotes-du-memc\/","og_site_name":"Where the World meets African Mining","article_published_time":"2021-05-25T08:59:36+00:00","article_modified_time":"2023-11-10T10:00:32+00:00","og_image":[{"width":1024,"height":683,"url":"https:\/\/semica.org\/wp-content\/uploads\/2023\/11\/Le-SEMICA-aux-cotes-du-MEMC.jpeg","type":"image\/jpeg"}],"author":"Innocent Belemtougri","twitter_card":"summary_large_image","twitter_misc":{"Written by":"Innocent Belemtougri","Estimated reading time":"1 minute"},"schema":{"@context":"https:\/\/schema.org","@graph":[{"@type":"Article","@id":"https:\/\/semica.org\/partenariat-dans-les-secteurs-de-lenergie-des-mines-et-des-carrieres-le-semica-aux-cotes-du-memc\/#article","isPartOf":{"@id":"https:\/\/semica.org\/partenariat-dans-les-secteurs-de-lenergie-des-mines-et-des-carrieres-le-semica-aux-cotes-du-memc\/"},"author":{"name":"Innocent Belemtougri","@id":"https:\/\/semica.org\/#\/schema\/person\/b3390089c97dfe4e795237dfc408157b"},"headline":"Partenariat dans les secteurs de l\u2019\u00e9nergie, des mines et des carri\u00e8res : Le SEMICA aux c\u00f4t\u00e9s du MEMC","datePublished":"2021-05-25T08:59:36+00:00","dateModified":"2023-11-10T10:00:32+00:00","mainEntityOfPage":{"@id":"https:\/\/semica.org\/partenariat-dans-les-secteurs-de-lenergie-des-mines-et-des-carrieres-le-semica-aux-cotes-du-memc\/"},"wordCount":146,"publisher":{"@id":"https:\/\/semica.org\/#organization"},"image":{"@id":"https:\/\/semica.org\/partenariat-dans-les-secteurs-de-lenergie-des-mines-et-des-carrieres-le-semica-aux-cotes-du-memc\/#primaryimage"},"thumbnailUrl":"https:\/\/semica.org\/wp-content\/uploads\/2023\/11\/Le-SEMICA-aux-cotes-du-MEMC.jpeg","articleSection":["Actualit\u00e9"],"inLanguage":"en-GB"},{"@type":"WebPage","@id":"https:\/\/semica.org\/partenariat-dans-les-secteurs-de-lenergie-des-mines-et-des-carrieres-le-semica-aux-cotes-du-memc\/","url":"https:\/\/semica.org\/partenariat-dans-les-secteurs-de-lenergie-des-mines-et-des-carrieres-le-semica-aux-cotes-du-memc\/","name":"Partenariat dans les secteurs de l\u2019\u00e9nergie, des mines et des carri\u00e8res : Le SEMICA aux c\u00f4t\u00e9s du MEMC - Where the World meets African Mining","isPartOf":{"@id":"https:\/\/semica.org\/#website"},"primaryImageOfPage":{"@id":"https:\/\/semica.org\/partenariat-dans-les-secteurs-de-lenergie-des-mines-et-des-carrieres-le-semica-aux-cotes-du-memc\/#primaryimage"},"image":{"@id":"https:\/\/semica.org\/partenariat-dans-les-secteurs-de-lenergie-des-mines-et-des-carrieres-le-semica-aux-cotes-du-memc\/#primaryimage"},"thumbnailUrl":"https:\/\/semica.org\/wp-content\/uploads\/2023\/11\/Le-SEMICA-aux-cotes-du-MEMC.jpeg","datePublished":"2021-05-25T08:59:36+00:00","dateModified":"2023-11-10T10:00:32+00:00","description":"Explorez l'univers des opportunit\u00e9s \u00e9nerg\u00e9tiques, mini\u00e8res et hydrocarbures en Afrique avec SEMICA, le Salon International de l'\u00c9nergie, des Mines et des Hydrocarbures. D\u00e9couvrez une d\u00e9cennie d'excellence, de panels d'experts, de conf\u00e9rences inspirantes, de rencontres BtoB strat\u00e9giques, d'excursions immersives, d'expositions de pointe et de sessions de r\u00e9seautage dynamiques. SEMICA offre une plateforme in\u00e9gal\u00e9e pour fa\u00e7onner l'avenir des secteurs cl\u00e9s en Afrique. Rejoignez-nous au c\u0153ur de l'innovation, de la croissance et des opportunit\u00e9s.","breadcrumb":{"@id":"https:\/\/semica.org\/partenariat-dans-les-secteurs-de-lenergie-des-mines-et-des-carrieres-le-semica-aux-cotes-du-memc\/#breadcrumb"},"inLanguage":"en-GB","potentialAction":[{"@type":"ReadAction","target":["https:\/\/semica.org\/partenariat-dans-les-secteurs-de-lenergie-des-mines-et-des-carrieres-le-semica-aux-cotes-du-memc\/"]}]},{"@type":"ImageObject","inLanguage":"en-GB","@id":"https:\/\/semica.org\/partenariat-dans-les-secteurs-de-lenergie-des-mines-et-des-carrieres-le-semica-aux-cotes-du-memc\/#primaryimage","url":"https:\/\/semica.org\/wp-content\/uploads\/2023\/11\/Le-SEMICA-aux-cotes-du-MEMC.jpeg","contentUrl":"https:\/\/semica.org\/wp-content\/uploads\/2023\/11\/Le-SEMICA-aux-cotes-du-MEMC.jpeg","width":1024,"height":683},{"@type":"BreadcrumbList","@id":"https:\/\/semica.org\/partenariat-dans-les-secteurs-de-lenergie-des-mines-et-des-carrieres-le-semica-aux-cotes-du-memc\/#breadcrumb","itemListElement":[{"@type":"ListItem","position":1,"name":"Home","item":"https:\/\/semica.org\/"},{"@type":"ListItem","position":2,"name":"Partenariat dans les secteurs de l\u2019\u00e9nergie, des mines et des carri\u00e8res : Le SEMICA aux c\u00f4t\u00e9s du MEMC"}]},{"@type":"WebSite","@id":"https:\/\/semica.org\/#website","url":"https:\/\/semica.org\/","name":"Where the World meets African Mining","description":"Where the World meets African Mining","publisher":{"@id":"https:\/\/semica.org\/#organization"},"potentialAction":[{"@type":"SearchAction","target":{"@type":"EntryPoint","urlTemplate":"https:\/\/semica.org\/?s={search_term_string}"},"query-input":{"@type":"PropertyValueSpecification","valueRequired":true,"valueName":"search_term_string"}}],"inLanguage":"en-GB"},{"@type":"Organization","@id":"https:\/\/semica.org\/#organization","name":"SEMICA","url":"https:\/\/semica.org\/","logo":{"@type":"ImageObject","inLanguage":"en-GB","@id":"https:\/\/semica.org\/#\/schema\/logo\/image\/","url":"https:\/\/semica.org\/wp-content\/uploads\/2023\/11\/logo-semica_.png","contentUrl":"https:\/\/semica.org\/wp-content\/uploads\/2023\/11\/logo-semica_.png","width":300,"height":300,"caption":"SEMICA"},"image":{"@id":"https:\/\/semica.org\/#\/schema\/logo\/image\/"}},{"@type":"Person","@id":"https:\/\/semica.org\/#\/schema\/person\/b3390089c97dfe4e795237dfc408157b","name":"Innocent Belemtougri","image":{"@type":"ImageObject","inLanguage":"en-GB","@id":"https:\/\/semica.org\/#\/schema\/person\/image\/","url":"https:\/\/secure.gravatar.com\/avatar\/fd300045da8a7f68351ff2dbf989e1221e2e28aa07065caddc59e5c4ac0a8e64?s=96&d=mm&r=g","contentUrl":"https:\/\/secure.gravatar.com\/avatar\/fd300045da8a7f68351ff2dbf989e1221e2e28aa07065caddc59e5c4ac0a8e64?s=96&d=mm&r=g","caption":"Innocent Belemtougri"},"url":"https:\/\/semica.org\/en\/author\/bitelcom\/"}]}},"_links":{"self":[{"href":"https:\/\/semica.org\/en\/wp-json\/wp\/v2\/posts\/4295","targetHints":{"allow":["GET"]}}],"collection":[{"href":"https:\/\/semica.org\/en\/wp-json\/wp\/v2\/posts"}],"about":[{"href":"https:\/\/semica.org\/en\/wp-json\/wp\/v2\/types\/post"}],"author":[{"embeddable":true,"href":"https:\/\/semica.org\/en\/wp-json\/wp\/v2\/users\/2"}],"replies":[{"embeddable":true,"href":"https:\/\/semica.org\/en\/wp-json\/wp\/v2\/comments?post=4295"}],"version-history":[{"count":1,"href":"https:\/\/semica.org\/en\/wp-json\/wp\/v2\/posts\/4295\/revisions"}],"predecessor-version":[{"id":4303,"href":"https:\/\/semica.org\/en\/wp-json\/wp\/v2\/posts\/4295\/revisions\/4303"}],"wp:featuredmedia":[{"embeddable":true,"href":"https:\/\/semica.org\/en\/wp-json\/wp\/v2\/media\/4296"}],"wp:attachment":[{"href":"https:\/\/semica.org\/en\/wp-json\/wp\/v2\/media?parent=4295"}],"wp:term":[{"taxonomy":"category","embeddable":true,"href":"https:\/\/semica.org\/en\/wp-json\/wp\/v2\/categories?post=4295"},{"taxonomy":"post_tag","embeddable":true,"href":"https:\/\/semica.org\/en\/wp-json\/wp\/v2\/tags?post=4295"}],"curies":[{"name":"wp","href":"https:\/\/api.w.org\/{rel}","templated":true}]}}