{"id":4283,"date":"2021-03-07T10:52:06","date_gmt":"2021-03-07T09:52:06","guid":{"rendered":"https:\/\/semica.org\/?p=4283"},"modified":"2023-11-10T11:00:29","modified_gmt":"2023-11-10T10:00:29","slug":"masterclass-a-listic-avec-innocent-belemtougri-ceo-du-cabinet-semica","status":"publish","type":"post","link":"https:\/\/semica.org\/en\/masterclass-a-listic-avec-innocent-belemtougri-ceo-du-cabinet-semica\/","title":{"rendered":"MasterClass at ISTIC, with Innocent BELEMTOUGRI, CEO of SEMICA"},"content":{"rendered":"<div class=\"wp-block-image\">\n<figure class=\"aligncenter size-full\"><img fetchpriority=\"high\" decoding=\"async\" width=\"800\" height=\"533\" src=\"https:\/\/semica.org\/wp-content\/uploads\/2023\/11\/ISTIC-SEMICA.jpeg\" alt=\"\" class=\"wp-image-4284\" srcset=\"https:\/\/semica.org\/wp-content\/uploads\/2023\/11\/ISTIC-SEMICA.jpeg 800w, https:\/\/semica.org\/wp-content\/uploads\/2023\/11\/ISTIC-SEMICA-300x200.jpeg 300w, https:\/\/semica.org\/wp-content\/uploads\/2023\/11\/ISTIC-SEMICA-768x512.jpeg 768w\" sizes=\"(max-width: 800px) 100vw, 800px\" \/><\/figure>\n<\/div>\n\n\n<p class=\"has-text-align-left\">La Direction G\u00e9n\u00e9rale et le Corps Enseignant de la prestigieuse grande \u00e9cole ISTIC ont fait honneur \u00e0 notre CEO Monsieur Innocent BELEMTOUGRI ce lundi 1er mars 2021, en l\u2019invitant \u00e0 donner un MasterClass autour du th\u00e8me : \u00ab Communication Ev\u00e8nementielle : Cas du SEMICA \u00bb, devant un parterre d\u2019experts et d\u2019\u00e9tudiants de l\u2019Institut des Sciences et Techniques de l\u2019Information et de la Communication du Burkina Faso \u00e0 Ouagadougou.<br>Les \u00e9changes se sont articul\u00e9s autour de deux axes : le premier a port\u00e9 sur la vision panafricaine et l\u2019objectif recherch\u00e9 lors de la Communication des diff\u00e9rentes \u00e9ditions du SEMICA au Burkina Faso et \u00e0 l\u2019international et le second sur les strat\u00e9gies pour y arriver. Monsieur BELEMTOUGRI a pu partager avec les \u00e9tudiants, la conviction que l\u2019Afrique est un continent\/pays riche de son peuple, de son histoire et de ses ressources qu\u2019une vision, un engagement et un travail acharn\u00e9 pourrait amener au firmament du monde, quel que soit le secteur \u00e0 promouvoir comme c\u2019est le cas des ressources \u00e9nerg\u00e9tiques et extractives dans le cas du SEMICA.<br>Communiquer c\u2019est raconter une histoire ! Quelle histoire valorisante de l\u2019Afrique devons-nous raconter au monde ?<br>Les diff\u00e9rentes interventions ont salu\u00e9 les actions du Cabinet SEMICA, qui pour eux fait aujourd\u2019hui la fiert\u00e9 de l\u2019Afrique et du Burkina Faso.<br>Ils ont, ensemble, reconnu les effets positifs et l\u2019am\u00e9lioration de la gouvernance des ressources min\u00e9rales sur le continent, bien que beaucoup reste encore \u00e0 faire.<br>Excellente matin\u00e9e d&#8217;\u00e9changes sur la valorisation de l\u2019image de marque de l\u2019Afrique et de ses ressources avec les Universitaires de l\u2019ISTIC.<\/p>\n\n\n\n<figure class=\"wp-block-gallery has-nested-images columns-4 is-cropped wp-block-gallery-1 is-layout-flex wp-block-gallery-is-layout-flex\">\n<figure class=\"wp-block-image size-full\"><img decoding=\"async\" width=\"800\" height=\"533\" data-id=\"4288\" src=\"https:\/\/semica.org\/wp-content\/uploads\/2023\/11\/ISTIC-SEMICA-8.jpeg\" alt=\"\" class=\"wp-image-4288\" srcset=\"https:\/\/semica.org\/wp-content\/uploads\/2023\/11\/ISTIC-SEMICA-8.jpeg 800w, https:\/\/semica.org\/wp-content\/uploads\/2023\/11\/ISTIC-SEMICA-8-300x200.jpeg 300w, https:\/\/semica.org\/wp-content\/uploads\/2023\/11\/ISTIC-SEMICA-8-768x512.jpeg 768w\" sizes=\"(max-width: 800px) 100vw, 800px\" \/><\/figure>\n\n\n\n<figure class=\"wp-block-image size-full\"><img decoding=\"async\" width=\"1080\" height=\"720\" data-id=\"4290\" src=\"https:\/\/semica.org\/wp-content\/uploads\/2023\/11\/ISTIC-SEMICA-7.jpeg\" alt=\"\" class=\"wp-image-4290\" srcset=\"https:\/\/semica.org\/wp-content\/uploads\/2023\/11\/ISTIC-SEMICA-7.jpeg 1080w, https:\/\/semica.org\/wp-content\/uploads\/2023\/11\/ISTIC-SEMICA-7-300x200.jpeg 300w, https:\/\/semica.org\/wp-content\/uploads\/2023\/11\/ISTIC-SEMICA-7-1024x683.jpeg 1024w, https:\/\/semica.org\/wp-content\/uploads\/2023\/11\/ISTIC-SEMICA-7-768x512.jpeg 768w\" sizes=\"(max-width: 1080px) 100vw, 1080px\" \/><\/figure>\n\n\n\n<figure class=\"wp-block-image size-full\"><img loading=\"lazy\" decoding=\"async\" width=\"1080\" height=\"720\" data-id=\"4285\" src=\"https:\/\/semica.org\/wp-content\/uploads\/2023\/11\/ISTIC-SEMICA-6.jpeg\" alt=\"\" class=\"wp-image-4285\" srcset=\"https:\/\/semica.org\/wp-content\/uploads\/2023\/11\/ISTIC-SEMICA-6.jpeg 1080w, https:\/\/semica.org\/wp-content\/uploads\/2023\/11\/ISTIC-SEMICA-6-300x200.jpeg 300w, https:\/\/semica.org\/wp-content\/uploads\/2023\/11\/ISTIC-SEMICA-6-1024x683.jpeg 1024w, https:\/\/semica.org\/wp-content\/uploads\/2023\/11\/ISTIC-SEMICA-6-768x512.jpeg 768w\" sizes=\"(max-width: 1080px) 100vw, 1080px\" \/><\/figure>\n\n\n\n<figure class=\"wp-block-image size-full\"><img loading=\"lazy\" decoding=\"async\" width=\"1080\" height=\"720\" data-id=\"4289\" src=\"https:\/\/semica.org\/wp-content\/uploads\/2023\/11\/ISTIC-SEMICA-5.jpeg\" alt=\"\" class=\"wp-image-4289\" srcset=\"https:\/\/semica.org\/wp-content\/uploads\/2023\/11\/ISTIC-SEMICA-5.jpeg 1080w, https:\/\/semica.org\/wp-content\/uploads\/2023\/11\/ISTIC-SEMICA-5-300x200.jpeg 300w, https:\/\/semica.org\/wp-content\/uploads\/2023\/11\/ISTIC-SEMICA-5-1024x683.jpeg 1024w, https:\/\/semica.org\/wp-content\/uploads\/2023\/11\/ISTIC-SEMICA-5-768x512.jpeg 768w\" sizes=\"(max-width: 1080px) 100vw, 1080px\" \/><\/figure>\n\n\n\n<figure class=\"wp-block-image size-full\"><img loading=\"lazy\" decoding=\"async\" width=\"1080\" height=\"720\" data-id=\"4286\" src=\"https:\/\/semica.org\/wp-content\/uploads\/2023\/11\/ISTIC-SEMICA-4.jpeg\" alt=\"\" class=\"wp-image-4286\" srcset=\"https:\/\/semica.org\/wp-content\/uploads\/2023\/11\/ISTIC-SEMICA-4.jpeg 1080w, https:\/\/semica.org\/wp-content\/uploads\/2023\/11\/ISTIC-SEMICA-4-300x200.jpeg 300w, https:\/\/semica.org\/wp-content\/uploads\/2023\/11\/ISTIC-SEMICA-4-1024x683.jpeg 1024w, https:\/\/semica.org\/wp-content\/uploads\/2023\/11\/ISTIC-SEMICA-4-768x512.jpeg 768w\" sizes=\"(max-width: 1080px) 100vw, 1080px\" \/><\/figure>\n\n\n\n<figure class=\"wp-block-image size-full\"><img loading=\"lazy\" decoding=\"async\" width=\"800\" height=\"533\" data-id=\"4291\" src=\"https:\/\/semica.org\/wp-content\/uploads\/2023\/11\/ISTIC-SEMICA-3.jpeg\" alt=\"\" class=\"wp-image-4291\" srcset=\"https:\/\/semica.org\/wp-content\/uploads\/2023\/11\/ISTIC-SEMICA-3.jpeg 800w, https:\/\/semica.org\/wp-content\/uploads\/2023\/11\/ISTIC-SEMICA-3-300x200.jpeg 300w, https:\/\/semica.org\/wp-content\/uploads\/2023\/11\/ISTIC-SEMICA-3-768x512.jpeg 768w\" sizes=\"(max-width: 800px) 100vw, 800px\" \/><\/figure>\n\n\n\n<figure class=\"wp-block-image size-full\"><img loading=\"lazy\" decoding=\"async\" width=\"800\" height=\"533\" data-id=\"4287\" src=\"https:\/\/semica.org\/wp-content\/uploads\/2023\/11\/ISTIC-SEMICA-2.jpeg\" alt=\"\" class=\"wp-image-4287\" srcset=\"https:\/\/semica.org\/wp-content\/uploads\/2023\/11\/ISTIC-SEMICA-2.jpeg 800w, https:\/\/semica.org\/wp-content\/uploads\/2023\/11\/ISTIC-SEMICA-2-300x200.jpeg 300w, https:\/\/semica.org\/wp-content\/uploads\/2023\/11\/ISTIC-SEMICA-2-768x512.jpeg 768w\" sizes=\"(max-width: 800px) 100vw, 800px\" \/><\/figure>\n\n\n\n<figure class=\"wp-block-image size-full\"><img loading=\"lazy\" decoding=\"async\" width=\"800\" height=\"533\" data-id=\"4292\" src=\"https:\/\/semica.org\/wp-content\/uploads\/2023\/11\/ISTIC-SEMICA-1.jpeg\" alt=\"\" class=\"wp-image-4292\" srcset=\"https:\/\/semica.org\/wp-content\/uploads\/2023\/11\/ISTIC-SEMICA-1.jpeg 800w, https:\/\/semica.org\/wp-content\/uploads\/2023\/11\/ISTIC-SEMICA-1-300x200.jpeg 300w, https:\/\/semica.org\/wp-content\/uploads\/2023\/11\/ISTIC-SEMICA-1-768x512.jpeg 768w\" sizes=\"(max-width: 800px) 100vw, 800px\" \/><\/figure>\n<\/figure>","protected":false},"excerpt":{"rendered":"<p>La Direction G\u00e9n\u00e9rale et le Corps Enseignant de la prestigieuse grande \u00e9cole ISTIC ont fait honneur \u00e0 notre CEO Monsieur Innocent BELEMTOUGRI ce lundi 1er mars 2021, en l\u2019invitant \u00e0 donner un MasterClass autour du th\u00e8me : \u00ab Communication Ev\u00e8nementielle : Cas du SEMICA \u00bb, devant un parterre d\u2019experts et d\u2019\u00e9tudiants de l\u2019Institut des Sciences [&hellip;]<\/p>","protected":false},"author":2,"featured_media":4293,"comment_status":"closed","ping_status":"closed","sticky":false,"template":"","format":"standard","meta":{"footnotes":""},"categories":[49],"tags":[],"class_list":["post-4283","post","type-post","status-publish","format-standard","has-post-thumbnail","hentry","category-actualite"],"yoast_head":"<!-- This site is optimized with the Yoast SEO plugin v26.6 - https:\/\/yoast.com\/wordpress\/plugins\/seo\/ -->\n<title>MasterClass \u00e0 l&#039;ISTIC, avec Innocent BELEMTOUGRI, CEO du Cabinet SEMICA - Where the World meets African Mining<\/title>\n<meta name=\"description\" content=\"Explorez l&#039;univers des opportunit\u00e9s \u00e9nerg\u00e9tiques, mini\u00e8res et hydrocarbures en Afrique avec SEMICA, le Salon International de l&#039;\u00c9nergie, des Mines et des Hydrocarbures. D\u00e9couvrez une d\u00e9cennie d&#039;excellence, de panels d&#039;experts, de conf\u00e9rences inspirantes, de rencontres BtoB strat\u00e9giques, d&#039;excursions immersives, d&#039;expositions de pointe et de sessions de r\u00e9seautage dynamiques. SEMICA offre une plateforme in\u00e9gal\u00e9e pour fa\u00e7onner l&#039;avenir des secteurs cl\u00e9s en Afrique. Rejoignez-nous au c\u0153ur de l&#039;innovation, de la croissance et des opportunit\u00e9s.\" \/>\n<meta name=\"robots\" content=\"index, follow, max-snippet:-1, max-image-preview:large, max-video-preview:-1\" \/>\n<link rel=\"canonical\" href=\"https:\/\/semica.org\/en\/masterclass-a-listic-avec-innocent-belemtougri-ceo-du-cabinet-semica\/\" \/>\n<meta property=\"og:locale\" content=\"en_GB\" \/>\n<meta property=\"og:type\" content=\"article\" \/>\n<meta property=\"og:title\" content=\"MasterClass \u00e0 l&#039;ISTIC, avec Innocent BELEMTOUGRI, CEO du Cabinet SEMICA - Where the World meets African Mining\" \/>\n<meta property=\"og:description\" content=\"Explorez l&#039;univers des opportunit\u00e9s \u00e9nerg\u00e9tiques, mini\u00e8res et hydrocarbures en Afrique avec SEMICA, le Salon International de l&#039;\u00c9nergie, des Mines et des Hydrocarbures. D\u00e9couvrez une d\u00e9cennie d&#039;excellence, de panels d&#039;experts, de conf\u00e9rences inspirantes, de rencontres BtoB strat\u00e9giques, d&#039;excursions immersives, d&#039;expositions de pointe et de sessions de r\u00e9seautage dynamiques. SEMICA offre une plateforme in\u00e9gal\u00e9e pour fa\u00e7onner l&#039;avenir des secteurs cl\u00e9s en Afrique. Rejoignez-nous au c\u0153ur de l&#039;innovation, de la croissance et des opportunit\u00e9s.\" \/>\n<meta property=\"og:url\" content=\"https:\/\/semica.org\/en\/masterclass-a-listic-avec-innocent-belemtougri-ceo-du-cabinet-semica\/\" \/>\n<meta property=\"og:site_name\" content=\"Where the World meets African Mining\" \/>\n<meta property=\"article:published_time\" content=\"2021-03-07T09:52:06+00:00\" \/>\n<meta property=\"article:modified_time\" content=\"2023-11-10T10:00:29+00:00\" \/>\n<meta property=\"og:image\" content=\"https:\/\/semica.org\/wp-content\/uploads\/2023\/11\/WhatsApp-Image-2021-03-02-at-13.32.04.jpeg\" \/>\n\t<meta property=\"og:image:width\" content=\"800\" \/>\n\t<meta property=\"og:image:height\" content=\"1067\" \/>\n\t<meta property=\"og:image:type\" content=\"image\/jpeg\" \/>\n<meta name=\"author\" content=\"Innocent Belemtougri\" \/>\n<meta name=\"twitter:card\" content=\"summary_large_image\" \/>\n<meta name=\"twitter:label1\" content=\"Written by\" \/>\n\t<meta name=\"twitter:data1\" content=\"Innocent Belemtougri\" \/>\n\t<meta name=\"twitter:label2\" content=\"Estimated reading time\" \/>\n\t<meta name=\"twitter:data2\" content=\"1 minute\" \/>\n<script type=\"application\/ld+json\" class=\"yoast-schema-graph\">{\"@context\":\"https:\/\/schema.org\",\"@graph\":[{\"@type\":\"Article\",\"@id\":\"https:\/\/semica.org\/masterclass-a-listic-avec-innocent-belemtougri-ceo-du-cabinet-semica\/#article\",\"isPartOf\":{\"@id\":\"https:\/\/semica.org\/masterclass-a-listic-avec-innocent-belemtougri-ceo-du-cabinet-semica\/\"},\"author\":{\"name\":\"Innocent Belemtougri\",\"@id\":\"https:\/\/semica.org\/#\/schema\/person\/b3390089c97dfe4e795237dfc408157b\"},\"headline\":\"MasterClass \u00e0 l&#8217;ISTIC, avec Innocent BELEMTOUGRI, CEO du Cabinet SEMICA\",\"datePublished\":\"2021-03-07T09:52:06+00:00\",\"dateModified\":\"2023-11-10T10:00:29+00:00\",\"mainEntityOfPage\":{\"@id\":\"https:\/\/semica.org\/masterclass-a-listic-avec-innocent-belemtougri-ceo-du-cabinet-semica\/\"},\"wordCount\":287,\"publisher\":{\"@id\":\"https:\/\/semica.org\/#organization\"},\"image\":{\"@id\":\"https:\/\/semica.org\/masterclass-a-listic-avec-innocent-belemtougri-ceo-du-cabinet-semica\/#primaryimage\"},\"thumbnailUrl\":\"https:\/\/semica.org\/wp-content\/uploads\/2023\/11\/WhatsApp-Image-2021-03-02-at-13.32.04.jpeg\",\"articleSection\":[\"Actualit\u00e9\"],\"inLanguage\":\"en-GB\"},{\"@type\":\"WebPage\",\"@id\":\"https:\/\/semica.org\/masterclass-a-listic-avec-innocent-belemtougri-ceo-du-cabinet-semica\/\",\"url\":\"https:\/\/semica.org\/masterclass-a-listic-avec-innocent-belemtougri-ceo-du-cabinet-semica\/\",\"name\":\"MasterClass \u00e0 l'ISTIC, avec Innocent BELEMTOUGRI, CEO du Cabinet SEMICA - Where the World meets African Mining\",\"isPartOf\":{\"@id\":\"https:\/\/semica.org\/#website\"},\"primaryImageOfPage\":{\"@id\":\"https:\/\/semica.org\/masterclass-a-listic-avec-innocent-belemtougri-ceo-du-cabinet-semica\/#primaryimage\"},\"image\":{\"@id\":\"https:\/\/semica.org\/masterclass-a-listic-avec-innocent-belemtougri-ceo-du-cabinet-semica\/#primaryimage\"},\"thumbnailUrl\":\"https:\/\/semica.org\/wp-content\/uploads\/2023\/11\/WhatsApp-Image-2021-03-02-at-13.32.04.jpeg\",\"datePublished\":\"2021-03-07T09:52:06+00:00\",\"dateModified\":\"2023-11-10T10:00:29+00:00\",\"description\":\"Explorez l'univers des opportunit\u00e9s \u00e9nerg\u00e9tiques, mini\u00e8res et hydrocarbures en Afrique avec SEMICA, le Salon International de l'\u00c9nergie, des Mines et des Hydrocarbures. D\u00e9couvrez une d\u00e9cennie d'excellence, de panels d'experts, de conf\u00e9rences inspirantes, de rencontres BtoB strat\u00e9giques, d'excursions immersives, d'expositions de pointe et de sessions de r\u00e9seautage dynamiques. SEMICA offre une plateforme in\u00e9gal\u00e9e pour fa\u00e7onner l'avenir des secteurs cl\u00e9s en Afrique. Rejoignez-nous au c\u0153ur de l'innovation, de la croissance et des opportunit\u00e9s.\",\"breadcrumb\":{\"@id\":\"https:\/\/semica.org\/masterclass-a-listic-avec-innocent-belemtougri-ceo-du-cabinet-semica\/#breadcrumb\"},\"inLanguage\":\"en-GB\",\"potentialAction\":[{\"@type\":\"ReadAction\",\"target\":[\"https:\/\/semica.org\/masterclass-a-listic-avec-innocent-belemtougri-ceo-du-cabinet-semica\/\"]}]},{\"@type\":\"ImageObject\",\"inLanguage\":\"en-GB\",\"@id\":\"https:\/\/semica.org\/masterclass-a-listic-avec-innocent-belemtougri-ceo-du-cabinet-semica\/#primaryimage\",\"url\":\"https:\/\/semica.org\/wp-content\/uploads\/2023\/11\/WhatsApp-Image-2021-03-02-at-13.32.04.jpeg\",\"contentUrl\":\"https:\/\/semica.org\/wp-content\/uploads\/2023\/11\/WhatsApp-Image-2021-03-02-at-13.32.04.jpeg\",\"width\":800,\"height\":1067,\"caption\":\"Innocent BELEMTOUGRI\"},{\"@type\":\"BreadcrumbList\",\"@id\":\"https:\/\/semica.org\/masterclass-a-listic-avec-innocent-belemtougri-ceo-du-cabinet-semica\/#breadcrumb\",\"itemListElement\":[{\"@type\":\"ListItem\",\"position\":1,\"name\":\"Home\",\"item\":\"https:\/\/semica.org\/\"},{\"@type\":\"ListItem\",\"position\":2,\"name\":\"MasterClass \u00e0 l&#8217;ISTIC, avec Innocent BELEMTOUGRI, CEO du Cabinet SEMICA\"}]},{\"@type\":\"WebSite\",\"@id\":\"https:\/\/semica.org\/#website\",\"url\":\"https:\/\/semica.org\/\",\"name\":\"Where the World meets African Mining\",\"description\":\"Where the World meets African Mining \",\"publisher\":{\"@id\":\"https:\/\/semica.org\/#organization\"},\"potentialAction\":[{\"@type\":\"SearchAction\",\"target\":{\"@type\":\"EntryPoint\",\"urlTemplate\":\"https:\/\/semica.org\/?s={search_term_string}\"},\"query-input\":{\"@type\":\"PropertyValueSpecification\",\"valueRequired\":true,\"valueName\":\"search_term_string\"}}],\"inLanguage\":\"en-GB\"},{\"@type\":\"Organization\",\"@id\":\"https:\/\/semica.org\/#organization\",\"name\":\"SEMICA\",\"url\":\"https:\/\/semica.org\/\",\"logo\":{\"@type\":\"ImageObject\",\"inLanguage\":\"en-GB\",\"@id\":\"https:\/\/semica.org\/#\/schema\/logo\/image\/\",\"url\":\"https:\/\/semica.org\/wp-content\/uploads\/2023\/11\/logo-semica_.png\",\"contentUrl\":\"https:\/\/semica.org\/wp-content\/uploads\/2023\/11\/logo-semica_.png\",\"width\":300,\"height\":300,\"caption\":\"SEMICA\"},\"image\":{\"@id\":\"https:\/\/semica.org\/#\/schema\/logo\/image\/\"}},{\"@type\":\"Person\",\"@id\":\"https:\/\/semica.org\/#\/schema\/person\/b3390089c97dfe4e795237dfc408157b\",\"name\":\"Innocent Belemtougri\",\"image\":{\"@type\":\"ImageObject\",\"inLanguage\":\"en-GB\",\"@id\":\"https:\/\/semica.org\/#\/schema\/person\/image\/\",\"url\":\"https:\/\/secure.gravatar.com\/avatar\/fd300045da8a7f68351ff2dbf989e1221e2e28aa07065caddc59e5c4ac0a8e64?s=96&d=mm&r=g\",\"contentUrl\":\"https:\/\/secure.gravatar.com\/avatar\/fd300045da8a7f68351ff2dbf989e1221e2e28aa07065caddc59e5c4ac0a8e64?s=96&d=mm&r=g\",\"caption\":\"Innocent Belemtougri\"},\"url\":\"https:\/\/semica.org\/en\/author\/bitelcom\/\"}]}<\/script>\n<!-- \/ Yoast SEO plugin. -->","yoast_head_json":{"title":"MasterClass \u00e0 l'ISTIC, avec Innocent BELEMTOUGRI, CEO du Cabinet SEMICA - Where the World meets African Mining","description":"Explorez l'univers des opportunit\u00e9s \u00e9nerg\u00e9tiques, mini\u00e8res et hydrocarbures en Afrique avec SEMICA, le Salon International de l'\u00c9nergie, des Mines et des Hydrocarbures. D\u00e9couvrez une d\u00e9cennie d'excellence, de panels d'experts, de conf\u00e9rences inspirantes, de rencontres BtoB strat\u00e9giques, d'excursions immersives, d'expositions de pointe et de sessions de r\u00e9seautage dynamiques. SEMICA offre une plateforme in\u00e9gal\u00e9e pour fa\u00e7onner l'avenir des secteurs cl\u00e9s en Afrique. Rejoignez-nous au c\u0153ur de l'innovation, de la croissance et des opportunit\u00e9s.","robots":{"index":"index","follow":"follow","max-snippet":"max-snippet:-1","max-image-preview":"max-image-preview:large","max-video-preview":"max-video-preview:-1"},"canonical":"https:\/\/semica.org\/en\/masterclass-a-listic-avec-innocent-belemtougri-ceo-du-cabinet-semica\/","og_locale":"en_GB","og_type":"article","og_title":"MasterClass \u00e0 l'ISTIC, avec Innocent BELEMTOUGRI, CEO du Cabinet SEMICA - Where the World meets African Mining","og_description":"Explorez l'univers des opportunit\u00e9s \u00e9nerg\u00e9tiques, mini\u00e8res et hydrocarbures en Afrique avec SEMICA, le Salon International de l'\u00c9nergie, des Mines et des Hydrocarbures. D\u00e9couvrez une d\u00e9cennie d'excellence, de panels d'experts, de conf\u00e9rences inspirantes, de rencontres BtoB strat\u00e9giques, d'excursions immersives, d'expositions de pointe et de sessions de r\u00e9seautage dynamiques. SEMICA offre une plateforme in\u00e9gal\u00e9e pour fa\u00e7onner l'avenir des secteurs cl\u00e9s en Afrique. Rejoignez-nous au c\u0153ur de l'innovation, de la croissance et des opportunit\u00e9s.","og_url":"https:\/\/semica.org\/en\/masterclass-a-listic-avec-innocent-belemtougri-ceo-du-cabinet-semica\/","og_site_name":"Where the World meets African Mining","article_published_time":"2021-03-07T09:52:06+00:00","article_modified_time":"2023-11-10T10:00:29+00:00","og_image":[{"width":800,"height":1067,"url":"https:\/\/semica.org\/wp-content\/uploads\/2023\/11\/WhatsApp-Image-2021-03-02-at-13.32.04.jpeg","type":"image\/jpeg"}],"author":"Innocent Belemtougri","twitter_card":"summary_large_image","twitter_misc":{"Written by":"Innocent Belemtougri","Estimated reading time":"1 minute"},"schema":{"@context":"https:\/\/schema.org","@graph":[{"@type":"Article","@id":"https:\/\/semica.org\/masterclass-a-listic-avec-innocent-belemtougri-ceo-du-cabinet-semica\/#article","isPartOf":{"@id":"https:\/\/semica.org\/masterclass-a-listic-avec-innocent-belemtougri-ceo-du-cabinet-semica\/"},"author":{"name":"Innocent Belemtougri","@id":"https:\/\/semica.org\/#\/schema\/person\/b3390089c97dfe4e795237dfc408157b"},"headline":"MasterClass \u00e0 l&#8217;ISTIC, avec Innocent BELEMTOUGRI, CEO du Cabinet SEMICA","datePublished":"2021-03-07T09:52:06+00:00","dateModified":"2023-11-10T10:00:29+00:00","mainEntityOfPage":{"@id":"https:\/\/semica.org\/masterclass-a-listic-avec-innocent-belemtougri-ceo-du-cabinet-semica\/"},"wordCount":287,"publisher":{"@id":"https:\/\/semica.org\/#organization"},"image":{"@id":"https:\/\/semica.org\/masterclass-a-listic-avec-innocent-belemtougri-ceo-du-cabinet-semica\/#primaryimage"},"thumbnailUrl":"https:\/\/semica.org\/wp-content\/uploads\/2023\/11\/WhatsApp-Image-2021-03-02-at-13.32.04.jpeg","articleSection":["Actualit\u00e9"],"inLanguage":"en-GB"},{"@type":"WebPage","@id":"https:\/\/semica.org\/masterclass-a-listic-avec-innocent-belemtougri-ceo-du-cabinet-semica\/","url":"https:\/\/semica.org\/masterclass-a-listic-avec-innocent-belemtougri-ceo-du-cabinet-semica\/","name":"MasterClass \u00e0 l'ISTIC, avec Innocent BELEMTOUGRI, CEO du Cabinet SEMICA - Where the World meets African Mining","isPartOf":{"@id":"https:\/\/semica.org\/#website"},"primaryImageOfPage":{"@id":"https:\/\/semica.org\/masterclass-a-listic-avec-innocent-belemtougri-ceo-du-cabinet-semica\/#primaryimage"},"image":{"@id":"https:\/\/semica.org\/masterclass-a-listic-avec-innocent-belemtougri-ceo-du-cabinet-semica\/#primaryimage"},"thumbnailUrl":"https:\/\/semica.org\/wp-content\/uploads\/2023\/11\/WhatsApp-Image-2021-03-02-at-13.32.04.jpeg","datePublished":"2021-03-07T09:52:06+00:00","dateModified":"2023-11-10T10:00:29+00:00","description":"Explorez l'univers des opportunit\u00e9s \u00e9nerg\u00e9tiques, mini\u00e8res et hydrocarbures en Afrique avec SEMICA, le Salon International de l'\u00c9nergie, des Mines et des Hydrocarbures. D\u00e9couvrez une d\u00e9cennie d'excellence, de panels d'experts, de conf\u00e9rences inspirantes, de rencontres BtoB strat\u00e9giques, d'excursions immersives, d'expositions de pointe et de sessions de r\u00e9seautage dynamiques. SEMICA offre une plateforme in\u00e9gal\u00e9e pour fa\u00e7onner l'avenir des secteurs cl\u00e9s en Afrique. Rejoignez-nous au c\u0153ur de l'innovation, de la croissance et des opportunit\u00e9s.","breadcrumb":{"@id":"https:\/\/semica.org\/masterclass-a-listic-avec-innocent-belemtougri-ceo-du-cabinet-semica\/#breadcrumb"},"inLanguage":"en-GB","potentialAction":[{"@type":"ReadAction","target":["https:\/\/semica.org\/masterclass-a-listic-avec-innocent-belemtougri-ceo-du-cabinet-semica\/"]}]},{"@type":"ImageObject","inLanguage":"en-GB","@id":"https:\/\/semica.org\/masterclass-a-listic-avec-innocent-belemtougri-ceo-du-cabinet-semica\/#primaryimage","url":"https:\/\/semica.org\/wp-content\/uploads\/2023\/11\/WhatsApp-Image-2021-03-02-at-13.32.04.jpeg","contentUrl":"https:\/\/semica.org\/wp-content\/uploads\/2023\/11\/WhatsApp-Image-2021-03-02-at-13.32.04.jpeg","width":800,"height":1067,"caption":"Innocent BELEMTOUGRI"},{"@type":"BreadcrumbList","@id":"https:\/\/semica.org\/masterclass-a-listic-avec-innocent-belemtougri-ceo-du-cabinet-semica\/#breadcrumb","itemListElement":[{"@type":"ListItem","position":1,"name":"Home","item":"https:\/\/semica.org\/"},{"@type":"ListItem","position":2,"name":"MasterClass \u00e0 l&#8217;ISTIC, avec Innocent BELEMTOUGRI, CEO du Cabinet SEMICA"}]},{"@type":"WebSite","@id":"https:\/\/semica.org\/#website","url":"https:\/\/semica.org\/","name":"Where the World meets African Mining","description":"Where the World meets African Mining","publisher":{"@id":"https:\/\/semica.org\/#organization"},"potentialAction":[{"@type":"SearchAction","target":{"@type":"EntryPoint","urlTemplate":"https:\/\/semica.org\/?s={search_term_string}"},"query-input":{"@type":"PropertyValueSpecification","valueRequired":true,"valueName":"search_term_string"}}],"inLanguage":"en-GB"},{"@type":"Organization","@id":"https:\/\/semica.org\/#organization","name":"SEMICA","url":"https:\/\/semica.org\/","logo":{"@type":"ImageObject","inLanguage":"en-GB","@id":"https:\/\/semica.org\/#\/schema\/logo\/image\/","url":"https:\/\/semica.org\/wp-content\/uploads\/2023\/11\/logo-semica_.png","contentUrl":"https:\/\/semica.org\/wp-content\/uploads\/2023\/11\/logo-semica_.png","width":300,"height":300,"caption":"SEMICA"},"image":{"@id":"https:\/\/semica.org\/#\/schema\/logo\/image\/"}},{"@type":"Person","@id":"https:\/\/semica.org\/#\/schema\/person\/b3390089c97dfe4e795237dfc408157b","name":"Innocent Belemtougri","image":{"@type":"ImageObject","inLanguage":"en-GB","@id":"https:\/\/semica.org\/#\/schema\/person\/image\/","url":"https:\/\/secure.gravatar.com\/avatar\/fd300045da8a7f68351ff2dbf989e1221e2e28aa07065caddc59e5c4ac0a8e64?s=96&d=mm&r=g","contentUrl":"https:\/\/secure.gravatar.com\/avatar\/fd300045da8a7f68351ff2dbf989e1221e2e28aa07065caddc59e5c4ac0a8e64?s=96&d=mm&r=g","caption":"Innocent Belemtougri"},"url":"https:\/\/semica.org\/en\/author\/bitelcom\/"}]}},"_links":{"self":[{"href":"https:\/\/semica.org\/en\/wp-json\/wp\/v2\/posts\/4283","targetHints":{"allow":["GET"]}}],"collection":[{"href":"https:\/\/semica.org\/en\/wp-json\/wp\/v2\/posts"}],"about":[{"href":"https:\/\/semica.org\/en\/wp-json\/wp\/v2\/types\/post"}],"author":[{"embeddable":true,"href":"https:\/\/semica.org\/en\/wp-json\/wp\/v2\/users\/2"}],"replies":[{"embeddable":true,"href":"https:\/\/semica.org\/en\/wp-json\/wp\/v2\/comments?post=4283"}],"version-history":[{"count":1,"href":"https:\/\/semica.org\/en\/wp-json\/wp\/v2\/posts\/4283\/revisions"}],"predecessor-version":[{"id":4294,"href":"https:\/\/semica.org\/en\/wp-json\/wp\/v2\/posts\/4283\/revisions\/4294"}],"wp:featuredmedia":[{"embeddable":true,"href":"https:\/\/semica.org\/en\/wp-json\/wp\/v2\/media\/4293"}],"wp:attachment":[{"href":"https:\/\/semica.org\/en\/wp-json\/wp\/v2\/media?parent=4283"}],"wp:term":[{"taxonomy":"category","embeddable":true,"href":"https:\/\/semica.org\/en\/wp-json\/wp\/v2\/categories?post=4283"},{"taxonomy":"post_tag","embeddable":true,"href":"https:\/\/semica.org\/en\/wp-json\/wp\/v2\/tags?post=4283"}],"curies":[{"name":"wp","href":"https:\/\/api.w.org\/{rel}","templated":true}]}}